{"id":2321,"date":"2022-03-17T09:31:29","date_gmt":"2022-03-17T09:31:29","guid":{"rendered":"https:\/\/makowski.info\/?p=2321"},"modified":"2024-11-30T16:56:57","modified_gmt":"2024-11-30T16:56:57","slug":"dwaj-malarze-1974","status":"publish","type":"post","link":"https:\/\/makowski.info\/?p=2321","title":{"rendered":"Dwaj malarze (1974)"},"content":{"rendered":"\n<p>Zdj\u0119cia bardzo marne \u2013 to chyba jeszcze radziecka Smiena, mo\u017ce ju\u017c Praktica (NRD) \u2013 i nienajlepszy, za to czu\u0142y negatyw <a href=\"https:\/\/www.lomography.com\/films\/871938886-orwo-np-27\/photos\" data-type=\"URL\" data-id=\"https:\/\/www.lomography.com\/films\/871938886-orwo-np-27\/photos\"><strong>ORWO NP 27<\/strong><\/a>; bez flesza. Ale je lubi\u0119: bo to dwa modele malarzy: Zbigniew Makowski i <strong><a href=\"http:\/\/jaceksienicki.pl\" data-type=\"URL\" data-id=\"http:\/\/jaceksienicki.pl\">Jacek Sienicki<\/a><\/strong>. Jeden, wiadomo, m\u00f3j <strong><a href=\"https:\/\/nikt.net\/?p=3218\" data-type=\"URL\" data-id=\"https:\/\/nikt.net\/?p=3218\">ojciec<\/a><\/strong>; w domu drugiego bywa\u0142em lat par\u0119, cz\u0119sto. D\u0142u\u017csza opowie\u015b\u0107, prywatna.<br \/>To wernisa\u017c wystawy ojca (1974), Zbigniew ju\u017c wtedy tylko na w\u0142asne chodzi\u0142, nie by\u0142 te\u017c na wernisa\u017cu Jacka, kt\u00f3ry si\u0119 odby\u0142 niewiele p\u00f3\u017aniej, w tej samej galerii \u201eZapiecek\u201d. C\u00f3\u017c.<br \/>(A czy to t\u0142umaczy\u0142oby <strong><a href=\"https:\/\/makowski.info\/?p=2206\" data-type=\"post\" data-id=\"2206\">oboj\u0119tno\u015b\u0107<\/a><\/strong>, nawet niekiedy niech\u0119\u0107 tzw. \u015brodowiska? Mo\u017ce.)<\/p>\n\n\n\n<p>Stoj\u0105 \u2013 tak bardzo inni\u2026 Malarz z prawej \u2013 to \u201eekspresjonista\u201d (cokolwiek <strong><a href=\"https:\/\/makowski.info\/?p=1421\" data-type=\"post\" data-id=\"1421\">to s\u0142owo znaczy<\/a><\/strong>, nie mam zaufania do definicji), wsp\u00f3\u0142tw\u00f3rca \u201e<strong><a href=\"http:\/\/www.arsenal55.pl\/pl\/uncategorized-pl\/ogolnopolska-wystawa-mlodej-plastyki\/\" data-type=\"URL\" data-id=\"http:\/\/www.arsenal55.pl\/pl\/uncategorized-pl\/ogolnopolska-wystawa-mlodej-plastyki\/\">Arsena\u0142u<\/a><\/strong>\u201d (1955), pedagog, uwielbiany przez student\u00f3w, \u017cyczliwy ludziom \u2013 ale przecie\u017c bardzo zamkni\u0119ty w sobie, w przesz\u0142o\u015bci, w tym, co robi\u0142 \u2013 a malowa\u0142 szale\u0144czo du\u017co. Jacek Sienicki to malarz <em>od serca<\/em>, wr\u0119cz od \u201ebebech\u00f3w\u201d \u2013 przecie\u017c malowa\u0142 i <strong><a href=\"http:\/\/jaceksienicki.pl\/?page_id=43\" data-type=\"URL\" data-id=\"http:\/\/jaceksienicki.pl\/?page_id=43\">ko\u0144skie szcz\u0119ki<\/a><\/strong>. <br \/>Drugi \u2013 ten z lewej \u2013 tu pozornie otwarty\u2026 No, dobrze, mo\u017ce kiedy\u015b. Ale por\u00f3wnajmy tylko stroje: jeden w nieco znoszonej, lecz przyjaznej (\u201eciep\u0142ej\u201d) zamszowej marynarce; drugi w aksamitnej \u2013 czy jakiej\u015b, nie znam si\u0119 na materia\u0142ach \u2013 czarnej, dobrej (nie\u017ale wtedy zarabia\u0142) i nowej, <em>tr\u00e8s chic<\/em>. Od razu ustawia dystans, prawda?<\/p>\n\n\n\n<p>A obaj \u2013 to znakomici malarze. Chcia\u0142bym \u2013 ale gdzie, kiedy? \u2013 zrobi\u0107 wystaw\u0119 ich obu, wsp\u00f3ln\u0105: \u201eDwa modele malarzy\u201d czy mo\u017ce raczej \u201eUmys\u0142 i serce\u201d, drugi tytu\u0142 mocno kiczowaty. Ale to jako\u015b tak, prosty pomys\u0142 \u2013 obraz jednego, obraz drugiego, na przemian.  <br \/>I nie, \u017ceby jeden z pan\u00f3w nie mia\u0142 serca; a drugi umys\u0142u \u2013 czy innych organ\u00f3w wewn\u0119trznych \u2013 \u017carty. Ale te ich <em>koncepcje<\/em> malarstwa\u2026 \u015awiadome, wybrane, stanowcze i wprost \u2013 te\u017c w tym, co robili i m\u00f3wili \u2013 deklarowane. (Zbigniew oczywi\u015bcie wi\u0119cej m\u00f3wi\u0142, taka rola.)<\/p>\n\n\n\n<p>Do tego:<strong><a href=\"http:\/\/jaceksienicki.pl\/?page_id=272\" data-type=\"URL\" data-id=\"http:\/\/jaceksienicki.pl\/?page_id=272\"> \u201eArsena\u0142\u201d<\/a><\/strong>. D\u0142ugo pisa\u0107. Nie ja raczej. Cho\u0107 wspomina\u0142em o nim i w \u201e<strong><a href=\"https:\/\/makowski.info\/?p=1351\" data-type=\"post\" data-id=\"1351\">Podr\u00f3\u017cy do \u015brodka mojego ojca<\/a><\/strong>\u2026\u201d (2020):<\/p>\n\n\n\n<blockquote class=\"wp-block-quote is-layout-flow wp-block-quote-is-layout-flow\">\n<p>Ciekawa rzecz z t\u0105 \u201eOg\u00f3lnopolsk\u0105 wystaw\u0105 m\u0142odej plastyki \u00bbPrzeciw wojnie przeciw faszyzmowi\u00ab\u201d w 1955 roku, zwan\u0105 te\u017c \u201eArsena\u0142\u201d. (\u2026) Nie mam papier\u00f3w, mam przemy\u015blenia. A te\u017c echa, aluzje i cienie cieni. Zbigniew nie bra\u0142 w niej udzia\u0142u, jego prac\u0119 (prace?) odrzucono. Ta wiedza to fragment naszej rozmowy, ju\u017c z XXI wieku.<\/p>\n<cite>mr makowski \u201e<strong><a href=\"https:\/\/e-isbn.pl\/IsbnWeb\/onix\/summary.html?record_id=7611966\" data-type=\"URL\" data-id=\"https:\/\/e-isbn.pl\/IsbnWeb\/onix\/summary.html?record_id=7611966\">Podr\u00f3\u017c do \u015brodka mojego ojca. Aktywista Zbigniew Makowski (1946-1956)<\/a><\/strong>\u201d (2020)<\/cite><\/blockquote>\n\n\n\n<p> \u2026i p\u00f3\u017aniej w naszej z Konradem Wojciechowskim opowie\u015bci o \u201e<strong><a href=\"https:\/\/ooops.pl\/?p=36787\" data-type=\"URL\" data-id=\"https:\/\/ooops.pl\/?p=36787\">Festiwalach<\/a><\/strong>\u2026\u201d (2021):<\/p>\n\n\n\n<blockquote class=\"wp-block-quote is-layout-flow wp-block-quote-is-layout-flow\">\n<p>Pomijaj\u0105c ca\u0142\u0105 z\u0142o\u017con\u0105, ponur\u0105 histori\u0119 dooko\u0142a \u2013 schemat by\u0142 banalny. M\u0142odzi, socrealizm kochaj\u0105cy buntownicy, nie lubili kapist\u00f3w. A ich p\u00f3\u017aniej nie lubili arsena\u0142owcy. Tak samo, jak hipisi nie lubili bigbitowc\u00f3w, za\u015b m\u0142odzie\u017c punkowa \u2013 hipis\u00f3w. Proste, a\u017c prymitywne. Zmiana pokoleniowa. Cho\u0107 m\u0142odzi zetempowcy nale\u017celi \u2013 cz\u0119sto, czasem \u2013 do tego samego pokolenia, co arsena\u0142owcy. Te podzia\u0142y nie zawsze i niekoniecznie biegn\u0105 wzd\u0142u\u017c linii wiekowych. Bunt bywa wsp\u00f3lny, niekiedy.<\/p>\n<cite>mr makowski, Konrad Wojciechowski \u201e<strong><a href=\"https:\/\/e-isbn.pl\/IsbnWeb\/pools\/index.html\" data-type=\"URL\" data-id=\"https:\/\/e-isbn.pl\/IsbnWeb\/pools\/index.html\">Koniec festiwali albo kolorowa prywatyzacja<\/a><\/strong>\u201d (2021)<\/cite><\/blockquote>\n\n\n\n<p>Nasze dzisiejsze spory powielaj\u0105 jedynie tamte dyskusje. I wcze\u015bniejsze.<br \/>mr m.<\/p>\n\n\n\n<figure class=\"wp-block-gallery has-nested-images columns-default is-cropped wp-block-gallery-1 is-layout-flex wp-block-gallery-is-layout-flex\">\n<figure class=\"wp-block-image size-large\"><a href=\"https:\/\/makowski.info\/wp-content\/uploads\/2022\/03\/1200pxl-Zbigniew-Makowski-Jacek-Sienicki-1974-fot-mr-makowski-Zapiecek-006-Lomography-4800.jpg\"><img loading=\"lazy\" decoding=\"async\" width=\"770\" height=\"1200\" data-id=\"2338\" src=\"https:\/\/makowski.info\/wp-content\/uploads\/2022\/03\/1200pxl-Zbigniew-Makowski-Jacek-Sienicki-1974-fot-mr-makowski-Zapiecek-006-Lomography-4800.jpg\" alt=\"\" class=\"wp-image-2338\" srcset=\"https:\/\/makowski.info\/wp-content\/uploads\/2022\/03\/1200pxl-Zbigniew-Makowski-Jacek-Sienicki-1974-fot-mr-makowski-Zapiecek-006-Lomography-4800.jpg 770w, https:\/\/makowski.info\/wp-content\/uploads\/2022\/03\/1200pxl-Zbigniew-Makowski-Jacek-Sienicki-1974-fot-mr-makowski-Zapiecek-006-Lomography-4800-193x300.jpg 193w, https:\/\/makowski.info\/wp-content\/uploads\/2022\/03\/1200pxl-Zbigniew-Makowski-Jacek-Sienicki-1974-fot-mr-makowski-Zapiecek-006-Lomography-4800-657x1024.jpg 657w, https:\/\/makowski.info\/wp-content\/uploads\/2022\/03\/1200pxl-Zbigniew-Makowski-Jacek-Sienicki-1974-fot-mr-makowski-Zapiecek-006-Lomography-4800-768x1197.jpg 768w, https:\/\/makowski.info\/wp-content\/uploads\/2022\/03\/1200pxl-Zbigniew-Makowski-Jacek-Sienicki-1974-fot-mr-makowski-Zapiecek-006-Lomography-4800-600x935.jpg 600w\" sizes=\"auto, (max-width: 770px) 100vw, 770px\" \/><\/a><figcaption class=\"wp-element-caption\">Zbigniew Makowski i <strong><a href=\"http:\/\/jaceksienicki.pl\" data-type=\"URL\" data-id=\"http:\/\/jaceksienicki.pl\">Jacek Sienicki<\/a><\/strong> (1974)<\/figcaption><\/figure>\n\n\n\n<figure class=\"wp-block-image size-large\"><a href=\"https:\/\/makowski.info\/wp-content\/uploads\/2022\/03\/modyfikowane-Zbigniew-Makowski-Jacek-Sienicki-1974-fot-mr-makowski-Zapiecek-005-Lomography-4800.jpg\"><img loading=\"lazy\" decoding=\"async\" width=\"1024\" height=\"695\" data-id=\"2349\" src=\"https:\/\/makowski.info\/wp-content\/uploads\/2022\/03\/modyfikowane-Zbigniew-Makowski-Jacek-Sienicki-1974-fot-mr-makowski-Zapiecek-005-Lomography-4800-1024x695.jpg\" alt=\"\" class=\"wp-image-2349\" srcset=\"https:\/\/makowski.info\/wp-content\/uploads\/2022\/03\/modyfikowane-Zbigniew-Makowski-Jacek-Sienicki-1974-fot-mr-makowski-Zapiecek-005-Lomography-4800-1024x695.jpg 1024w, https:\/\/makowski.info\/wp-content\/uploads\/2022\/03\/modyfikowane-Zbigniew-Makowski-Jacek-Sienicki-1974-fot-mr-makowski-Zapiecek-005-Lomography-4800-300x204.jpg 300w, https:\/\/makowski.info\/wp-content\/uploads\/2022\/03\/modyfikowane-Zbigniew-Makowski-Jacek-Sienicki-1974-fot-mr-makowski-Zapiecek-005-Lomography-4800-768x522.jpg 768w, https:\/\/makowski.info\/wp-content\/uploads\/2022\/03\/modyfikowane-Zbigniew-Makowski-Jacek-Sienicki-1974-fot-mr-makowski-Zapiecek-005-Lomography-4800-600x408.jpg 600w, https:\/\/makowski.info\/wp-content\/uploads\/2022\/03\/modyfikowane-Zbigniew-Makowski-Jacek-Sienicki-1974-fot-mr-makowski-Zapiecek-005-Lomography-4800.jpg 1200w\" sizes=\"auto, (max-width: 1024px) 100vw, 1024px\" \/><\/a><figcaption class=\"wp-element-caption\">Zbigniew Makowski i <strong><a href=\"http:\/\/jaceksienicki.pl\" data-type=\"URL\" data-id=\"http:\/\/jaceksienicki.pl\">Jacek Sienicki<\/a><\/strong> (1974)<\/figcaption><\/figure>\n<\/figure>\n","protected":false},"excerpt":{"rendered":"<p>Zdj\u0119cia bardzo marne \u2013 to chyba jeszcze radziecka Smiena, mo\u017ce ju\u017c Praktica (NRD) \u2013 i nienajlepszy, za to czu\u0142y negatyw ORWO NP 27; bez flesza. Ale je lubi\u0119: bo to dwa modele malarzy: Zbigniew Makowski i Jacek Sienicki. Jeden, wiadomo, m\u00f3j ojciec; w domu drugiego bywa\u0142em lat par\u0119, cz\u0119sto. D\u0142u\u017csza opowie\u015b\u0107, prywatna.To wernisa\u017c wystawy ojca [&hellip;]<\/p>\n","protected":false},"author":1,"featured_media":2338,"comment_status":"closed","ping_status":"open","sticky":false,"template":"","format":"standard","meta":{"footnotes":""},"categories":[1],"tags":[93,221,561,566,565,564,110,562,64,153],"class_list":["post-2321","post","type-post","status-publish","format-standard","has-post-thumbnail","hentry","category-uncategorized","tag-93","tag-221","tag-jacek-sienicki","tag-koniec-festiwali","tag-lomography","tag-orwo","tag-prl","tag-zapiecek","tag-zbigniew-makowski","tag-zmp"],"_links":{"self":[{"href":"https:\/\/makowski.info\/index.php?rest_route=\/wp\/v2\/posts\/2321","targetHints":{"allow":["GET"]}}],"collection":[{"href":"https:\/\/makowski.info\/index.php?rest_route=\/wp\/v2\/posts"}],"about":[{"href":"https:\/\/makowski.info\/index.php?rest_route=\/wp\/v2\/types\/post"}],"author":[{"embeddable":true,"href":"https:\/\/makowski.info\/index.php?rest_route=\/wp\/v2\/users\/1"}],"replies":[{"embeddable":true,"href":"https:\/\/makowski.info\/index.php?rest_route=%2Fwp%2Fv2%2Fcomments&post=2321"}],"version-history":[{"count":39,"href":"https:\/\/makowski.info\/index.php?rest_route=\/wp\/v2\/posts\/2321\/revisions"}],"predecessor-version":[{"id":3505,"href":"https:\/\/makowski.info\/index.php?rest_route=\/wp\/v2\/posts\/2321\/revisions\/3505"}],"wp:featuredmedia":[{"embeddable":true,"href":"https:\/\/makowski.info\/index.php?rest_route=\/wp\/v2\/media\/2338"}],"wp:attachment":[{"href":"https:\/\/makowski.info\/index.php?rest_route=%2Fwp%2Fv2%2Fmedia&parent=2321"}],"wp:term":[{"taxonomy":"category","embeddable":true,"href":"https:\/\/makowski.info\/index.php?rest_route=%2Fwp%2Fv2%2Fcategories&post=2321"},{"taxonomy":"post_tag","embeddable":true,"href":"https:\/\/makowski.info\/index.php?rest_route=%2Fwp%2Fv2%2Ftags&post=2321"}],"curies":[{"name":"wp","href":"https:\/\/api.w.org\/{rel}","templated":true}]}}