{"id":709,"date":"2017-05-07T08:12:40","date_gmt":"2017-05-07T08:12:40","guid":{"rendered":"https:\/\/makowski.info\/?p=709"},"modified":"2022-12-13T17:14:32","modified_gmt":"2022-12-13T17:14:32","slug":"sny-koszmary-labirynty","status":"publish","type":"post","link":"https:\/\/makowski.info\/?p=709","title":{"rendered":"Sny, koszmary, labirynty."},"content":{"rendered":"<p>W serwisie <a href=\"http:\/\/www.artinfo.pl\/pl\/katalog-aukcji\/aukcja\/aukcje-internetowe\/bb4952e5\/zbigniew-makowski\/sen-dawny-1960-1963-r\/\"><strong>artinfo<\/strong><\/a> mo\u017cna by\u0142o znale\u017a\u0107 informacj\u0119 o aukcji akwareli ZM. Bardzo interesuj\u0105cy jest opis pracy, notatka Zbigniewa, w charakterystycznym dla niego stylu:<\/p>\n<blockquote><p>\u201eSen dawny\u201d, 1960 \u2013 1963 r.<br \/>\n<em>Jest to dawna praca z przed kilku lat, kt\u00f3r\u0105 staram si\u0119 uzupe\u0142ni\u0107. Tyle o tym. Teraz jest jesie\u0144 roku 1963. Przera\u017caj\u0105co du\u017co sta\u0142o si\u0119 od tych spokojnych (jak to si\u0119 teraz wydaje) czas\u00f3w kiedy malowa\u0142em t\u0105 prac\u0119. Tyle do powiedzenia tu. Zbigniew Makowski 1963<\/em><\/p><\/blockquote>\n<p><!--more--><br \/>\n\u2026<br \/>\nTak, pocz\u0105tek lat 60. jest w jego \u017cyciu bardzo interesuj\u0105cy. Nowy zwi\u0105zek, nowe <a href=\"https:\/\/makowski.info\/?p=599\">mo\u017cliwo\u015bci<\/a>, <a href=\"http:\/\/nikt.net\/?p=1069\">wyjazdy liczne<\/a>, pierwsze istotne sukcesy\u2026\u00a0Sk\u0105d wi\u0119c ten epitet: \u201eprzera\u017caj\u0105co\u201d?<br \/>\nZacytujmy: Agnieszka Kuczy\u0144ska, Krzysztof Cicho\u0144: \u201e<a href=\"http:\/\/www.atlassztuki.pl\/32.html\"><strong>W\u0105ski Dunaj n\u00ba 5<\/strong><\/a>\u201d, wyd. Atlas Sztuki, ISBN: 83-919506-5-4 (2008); skomentowane przeze mnie w \u201e<a href=\"http:\/\/nikt.net\"><strong>Pa\u0144stwo Nikt<\/strong><\/a>\u2026\u201d (s. 222).<\/p>\n<blockquote><p>(Zb. Makowski) \u2013 <em><strong>Kilka bardzo ci\u0119\u017ckich lat po powrocie z Pary\u017ca<\/strong><\/em>. (\u2026) <strong><em>Kiedy wr\u00f3ci\u0142em z Pary\u017ca, mia\u0142em du\u017ce k\u0142opoty<\/em><\/strong>\u2026<\/p>\n<ol>\n<li style=\"list-style-type: none;\">\n<ol>\n<li style=\"list-style-type: none\">\n<ol>(mr m.) Ci\u0119\u017ckie lata? Nie mnie ocenia\u0107: mo\u017ce. (\u2026) Jednak bez przesady: w 1963 mia\u0142 ju\u017c indywidualn\u0105<\/ol>\n<\/li>\n<\/ol>\n<p><a style=\"font-size: 16px;\" href=\"https:\/\/makowski.info\/?p=386\">wystaw\u0119 w Miami Museum of Modern Art<\/a><\/p>\n<ol>\u00a0(\u2026)<\/ol>\n<\/li>\n<\/ol>\n<ol>\u2026<\/ol>\n<p>\u201e<a href=\"http:\/\/nikt.net\/?p=1069\"><strong>Pa\u0144stwo Nikt<\/strong><\/a>\u2026\u201d (2016)<\/p><\/blockquote>\n<p><a href=\"https:\/\/makowski.info\/wp-content\/uploads\/2017\/05\/nmp-Chartres-1962-zb-makowski-1974-1200pxl.jpg\"><img loading=\"lazy\" decoding=\"async\" class=\"alignnone size-full wp-image-729\" src=\"https:\/\/makowski.info\/wp-content\/uploads\/2017\/05\/nmp-Chartres-1962-zb-makowski-1974-1200pxl.jpg\" alt=\"\" width=\"1200\" height=\"800\" srcset=\"https:\/\/makowski.info\/wp-content\/uploads\/2017\/05\/nmp-Chartres-1962-zb-makowski-1974-1200pxl.jpg 1200w, https:\/\/makowski.info\/wp-content\/uploads\/2017\/05\/nmp-Chartres-1962-zb-makowski-1974-1200pxl-600x400.jpg 600w, https:\/\/makowski.info\/wp-content\/uploads\/2017\/05\/nmp-Chartres-1962-zb-makowski-1974-1200pxl-300x200.jpg 300w, https:\/\/makowski.info\/wp-content\/uploads\/2017\/05\/nmp-Chartres-1962-zb-makowski-1974-1200pxl-768x512.jpg 768w, https:\/\/makowski.info\/wp-content\/uploads\/2017\/05\/nmp-Chartres-1962-zb-makowski-1974-1200pxl-1024x683.jpg 1024w\" sizes=\"auto, (max-width: 1200px) 100vw, 1200px\" \/><\/a><br \/>\nA na obrazku wy\u017cej: zdj\u0119cie, niewys\u0142ana poczt\u00f3wka z Chartres (1962). Ten pobyt we Francji trwa\u0142 d\u0142u\u017cej, ni\u017c mu \u201eW\u0142adza\u201d tutejsza pozwoli\u0142a, wtedy wielkie <em>przest\u0119pstwo<\/em>\u2026<br \/>\nNiemniej <a href=\"https:\/\/pl.wikipedia.org\/wiki\/Katedra_w_Chartres\">labirynt<\/a> w tej katedrze wspomina\u0142 p\u00f3\u017aniej wielokrotnie, nie dziwi\u0119 si\u0119.<br \/>\n\u2026<br \/>\nI powt\u00f3rzmy: nie oceniam, staram si\u0119. Ale \u00f3w strach pokole\u0144 powojennych \u2013 bo przecie\u017c nie tylko Zbigniewa \u2013 przed wszystkim, przed \u201eSystemem\u201d przecie\u017c te\u017c \u2013 jest wart opisania. Oni, dzieci powojennego <em>baby boomu<\/em> (u\u017cyjmy terminu zza Oceanu, nie ca\u0142kiem przypadkiem), bali si\u0119 wszystkiego, m\u00f3wili cicho (\u201eto nie jest rozmowa na telefon\u2026\u201d), a te\u017c tylko w grupkach, kt\u00f3re wydawa\u0142y si\u0119 im godne zaufania.<br \/>\nCzy by\u0142y? No, wiadomo.<br \/>\n\u2026<br \/>\nCzy mieli si\u0119 czego ba\u0107? A pewnie: System <a href=\"http:\/\/nikt.net\/?p=2162\">\u015bledzi\u0142<\/a>, co m\u00f3g\u0142. Wielu straszy\u0142, niekt\u00f3rych zamyka\u0142\u2026 Ale te\u017c czasem dobry Pan System (okre\u015blenie z pewnej niewydanej ksi\u0105\u017cki: Rafa\u0142 R\u0119kosiewicz, \u201e<strong>Bob Nevesel\u00fd<\/strong>\u201d, 2017) dawa\u0142 i marchewk\u0119, niekt\u00f3rym. Lecz w zamian: oni ten strach przekazywali dalej. Do dzi\u015b gdzie\u015b tu kr\u0105\u017cy, pod sk\u00f3r\u0105.<br \/>\nmr m.<\/p>\n","protected":false},"excerpt":{"rendered":"<p>W serwisie artinfo mo\u017cna by\u0142o znale\u017a\u0107 informacj\u0119 o aukcji akwareli ZM. Bardzo interesuj\u0105cy jest opis pracy, notatka Zbigniewa, w charakterystycznym dla niego stylu: \u201eSen dawny\u201d, 1960 \u2013 1963 r. Jest to dawna praca z przed kilku lat, kt\u00f3r\u0105 staram si\u0119 uzupe\u0142ni\u0107. Tyle o tym. Teraz jest jesie\u0144 roku 1963. Przera\u017caj\u0105co du\u017co sta\u0142o si\u0119 od tych [&hellip;]<\/p>\n","protected":false},"author":1,"featured_media":711,"comment_status":"closed","ping_status":"open","sticky":false,"template":"","format":"standard","meta":{"footnotes":""},"categories":[25],"tags":[108,107,102,105,113,114,103,115,83,14,112,104,111,110,109,106],"class_list":["post-709","post","type-post","status-publish","format-standard","has-post-thumbnail","hentry","category-rysunek","tag-108","tag-107","tag-agnieszka-kuczynska","tag-bob-nevesely","tag-chartres","tag-francja","tag-krzysztof-cichon","tag-labirynty","tag-lata-60","tag-miami-museum-of-modern-art","tag-msw","tag-paryz","tag-paszporty","tag-prl","tag-system","tag-waski-dunaj-no-5"],"_links":{"self":[{"href":"https:\/\/makowski.info\/index.php?rest_route=\/wp\/v2\/posts\/709","targetHints":{"allow":["GET"]}}],"collection":[{"href":"https:\/\/makowski.info\/index.php?rest_route=\/wp\/v2\/posts"}],"about":[{"href":"https:\/\/makowski.info\/index.php?rest_route=\/wp\/v2\/types\/post"}],"author":[{"embeddable":true,"href":"https:\/\/makowski.info\/index.php?rest_route=\/wp\/v2\/users\/1"}],"replies":[{"embeddable":true,"href":"https:\/\/makowski.info\/index.php?rest_route=%2Fwp%2Fv2%2Fcomments&post=709"}],"version-history":[{"count":26,"href":"https:\/\/makowski.info\/index.php?rest_route=\/wp\/v2\/posts\/709\/revisions"}],"predecessor-version":[{"id":2603,"href":"https:\/\/makowski.info\/index.php?rest_route=\/wp\/v2\/posts\/709\/revisions\/2603"}],"wp:featuredmedia":[{"embeddable":true,"href":"https:\/\/makowski.info\/index.php?rest_route=\/wp\/v2\/media\/711"}],"wp:attachment":[{"href":"https:\/\/makowski.info\/index.php?rest_route=%2Fwp%2Fv2%2Fmedia&parent=709"}],"wp:term":[{"taxonomy":"category","embeddable":true,"href":"https:\/\/makowski.info\/index.php?rest_route=%2Fwp%2Fv2%2Fcategories&post=709"},{"taxonomy":"post_tag","embeddable":true,"href":"https:\/\/makowski.info\/index.php?rest_route=%2Fwp%2Fv2%2Ftags&post=709"}],"curies":[{"name":"wp","href":"https:\/\/api.w.org\/{rel}","templated":true}]}}